{"id":2108,"date":"2023-07-04T02:55:00","date_gmt":"2023-07-04T00:55:00","guid":{"rendered":"https:\/\/leportaildelumiere.com\/?p=2108"},"modified":"2024-12-03T14:09:56","modified_gmt":"2024-12-03T13:09:56","slug":"portail-de-preparation-et-conference-a-kyoto","status":"publish","type":"post","link":"https:\/\/leportaildelumiere.com\/index.php\/2023\/07\/04\/portail-de-preparation-et-conference-a-kyoto\/","title":{"rendered":"Portail de pr\u00e9paration et conf\u00e9rence \u00e0 Kyoto"},"content":{"rendered":"\n<p>Cobra Dimanche 1er d\u00e9cembre 2024<br><\/p>\n\n\n\n<p>Le portail de la pr\u00e9paration s&rsquo;est ouvert le 22 novembre avec la fermeture du portail11:11. L&rsquo;ach\u00e8vement du 11:11 a c\u00e9d\u00e9 la place pour un nouveau portail gigantesque qui s&rsquo;ouvrira en 2025 et dont j&rsquo;ai d\u00e9j\u00e0 parl\u00e9 \u00e0 plusieurs reprises.<\/p>\n\n\n\n<p>Le Portail de la pr\u00e9paration n&rsquo;est que la premi\u00e8re \u00e9tape de la pr\u00e9paration \u00e0 cet immense portail. Il s&rsquo;ouvre le 22 novembre, atteint son culminant le 21 d\u00e9cembre et se referme le 21 janvier :<\/p>\n\n\n\n<figure class=\"wp-block-image aligncenter size-full is-resized\"><img data-recalc-dims=\"1\" loading=\"lazy\" decoding=\"async\" width=\"492\" height=\"411\" src=\"https:\/\/i0.wp.com\/leportaildelumiere.com\/wp-content\/uploads\/2023\/07\/image-5.png?resize=492%2C411&#038;ssl=1\" alt=\"\" class=\"wp-image-2110\" style=\"width:432px;height:auto\" srcset=\"https:\/\/i0.wp.com\/leportaildelumiere.com\/wp-content\/uploads\/2023\/07\/image-5.png?w=492&amp;ssl=1 492w, https:\/\/i0.wp.com\/leportaildelumiere.com\/wp-content\/uploads\/2023\/07\/image-5.png?resize=300%2C251&amp;ssl=1 300w\" sizes=\"auto, (max-width: 492px) 100vw, 492px\" \/><\/figure>\n\n\n\n<p>Il y a plusieurs configurations astrologiques importantes au sein de ce Portail qui serviront de tremplins pour nous aider \u00e0 faire des sauts quantiques dans un \u00e9tat de conscience plus \u00e9lev\u00e9 :<\/p>\n\n\n\n<p>11 d\u00e9cembre : Sedna transverse Pluton. Cet aspect cr\u00e9era un puissant flash d&rsquo;\u00e9nergie, li\u00e9 \u00e0 l&rsquo;ach\u00e8vement de ce cycle cosmique et au d\u00e9but du suivant.<\/p>\n\n\n\n<p>21 d\u00e9cembre : Sedna en conjonction avec Alcyone. Cet aspect marquera le d\u00e9but d&rsquo;une certaine op\u00e9ration de la flotte Pl\u00e9iadienne dans ce syst\u00e8me solaire et sur la plan\u00e8te Terre.<\/p>\n\n\n\n<p>6 janvier : Neptune en conjonction avec le point m\u00e9dian Uranus \/ Pluton. Cet aspect apportera une \u00e9nergie spirituelle harmonieuse \u00e0 la surface de la plan\u00e8te.<\/p>\n\n\n\n<p>21 janvier : la Terre h\u00e9liocentrique en conjonction avec Mars, les deux s&rsquo;opposant \u00e0 Pluton. Le Soleil g\u00e9ocentrique en conjonction avec Pluton. Il s&rsquo;agit d&rsquo;un aspect tr\u00e8s tendu qui pourrait donner lieu \u00e0 des perc\u00e9es violentes. Une m\u00e9ditation sp\u00e9ciale pourrait \u00eatre annonc\u00e9e pour cette p\u00e9riode<\/p>\n\n\n\n<p>Pendant le Portail de Pr\u00e9paration, les forces de la Lumi\u00e8re commenceront \u00e0 r\u00e9veiller les Artisans de Lumi\u00e8re de la surface pour qu&rsquo;ils retrouvent leur connexion avec leurs origines stellaires apr\u00e8s de nombreuses d\u00e9cennies de sommeil depuis le Grand Oubli de 1996.<\/p>\n\n\n\n<p>Les forces de la Lumi\u00e8re commenceront \u00e9galement \u00e0 s\u00e9lectionner et \u00e0 tester les Artisans de Lumi\u00e8re et les Guerriers de Lumi\u00e8re qui seraient impliqu\u00e9s dans les op\u00e9rations de surface au moment de l&rsquo;\u00c9v\u00e9nement, certains d&rsquo;entre eux devant \u00eatre contact\u00e9s physiquement au moment de l&rsquo;\u00c9v\u00e9nement.<\/p>\n\n\n\n<p>Il est int\u00e9ressant de noter que de nombreuses dates cl\u00e9s \u00e0 l&rsquo;int\u00e9rieur du Portail de pr\u00e9paration s&rsquo;alignent bien avec le processus d&rsquo;inauguration de Donald Trump :<\/p>\n\n\n\n<p>11 d\u00e9cembre : Les \u00c9tats certifient les r\u00e9sultats des \u00e9lections<\/p>\n\n\n\n<p>6 janvier : Le Congr\u00e8s certifie l&rsquo;\u00e9lection<\/p>\n\n\n\n<p>20 janvier : Jour de l&rsquo;investiture<\/p>\n\n\n\n<p><a href=\"https:\/\/www.zerohedge.com\/political\/key-dates-lead-trumps-inauguration\">https:\/\/www.zerohedge.com\/political\/key-dates-lead-trumps-inauguration<\/a><\/p>\n\n\n\n<p>Il est \u00e9galement int\u00e9ressant de noter que le processus de divulgation s&rsquo;est acc\u00e9l\u00e9r\u00e9 juste au moment de l&rsquo;entr\u00e9e finale de Pluton dans le Verseau :<\/p>\n\n\n\n<p><a href=\"https:\/\/docs.house.gov\/meetings\/GO\/GO12\/20241113\/117721\/HHRG-118-GO12-20241113-SD003.pdf\">https:\/\/docs.house.gov\/meetings\/GO\/GO12\/20241113\/117721\/HHRG-118-GO12-20241113-SD003.pdf<\/a><\/p>\n\n\n\n<p><a href=\"https:\/\/nypost.com\/2024\/11\/28\/us-news\/mysterious-lights-over-capitol-hill-causes-ufo-panic-in-dc\">https:\/\/nypost.com\/2024\/11\/28\/us-news\/mysterious-lights-over-capitol-hill-causes-ufo-panic-in-dc<\/a><\/p>\n\n\n\n<p>La faction Rothschild est jet\u00e9e en p\u00e2ture :<\/p>\n\n\n\n<p><a href=\"https:\/\/www.rumormillnews.com\/cgi-bin\/forum.cgi?read=248894\">https:\/\/www.rumormillnews.com\/cgi-bin\/forum.cgi?read=248894<\/a><\/p>\n\n\n\n<p>Les gens se soul\u00e8vent contre la cabale : <a href=\"https:\/\/rmx.news\/article\/viral-petition-demanding-uk-general-election-hits-2-million-signatures-in-under-a-week\/\">https:\/\/rmx.news\/article\/viral-petition-demanding-uk-general-election-hits-2-million-signatures-in-under-a-week\/<\/a><\/p>\n\n\n\n<p><a href=\"https:\/\/petition.parliament.uk\/petitions\/700143\">https:\/\/petition.parliament.uk\/petitions\/700143<\/a><\/p>\n\n\n\n<p>Il existe une voie conduisant vers la paix mondiale :<\/p>\n\n\n\n<figure class=\"wp-block-image aligncenter size-full is-resized\"><img data-recalc-dims=\"1\" loading=\"lazy\" decoding=\"async\" width=\"535\" height=\"646\" src=\"https:\/\/i0.wp.com\/leportaildelumiere.com\/wp-content\/uploads\/2023\/07\/image-7.png?resize=535%2C646&#038;ssl=1\" alt=\"\" class=\"wp-image-2114\" style=\"width:474px;height:auto\" srcset=\"https:\/\/i0.wp.com\/leportaildelumiere.com\/wp-content\/uploads\/2023\/07\/image-7.png?w=535&amp;ssl=1 535w, https:\/\/i0.wp.com\/leportaildelumiere.com\/wp-content\/uploads\/2023\/07\/image-7.png?resize=248%2C300&amp;ssl=1 248w\" sizes=\"auto, (max-width: 535px) 100vw, 535px\" \/><\/figure>\n\n\n\n<p><a href=\"https:\/\/www.gutenberg.org\/files\/7700\/7700-h\/7700-h.htm\">https:\/\/www.gutenberg.org\/files\/7700\/7700-h\/7700-h.htm<\/a><\/p>\n\n\n\n<p>Pendant le Portail de la pr\u00e9paration, dans le cadre de notre pr\u00e9paration pour l&rsquo;ann\u00e9e capitale de 2025, vous \u00eates plus que bienvenus pour nous rejoindre \u00e0 l&rsquo;atelier de Taipei la semaine prochaine : <a href=\"https:\/\/taiwanworkshop.com\/\">https:\/\/taiwanworkshop.com\/<\/a><\/p>\n\n\n\n<p>et \u00e0 la conf\u00e9rence de Kyoto juste apr\u00e8s le Nouvel An :<\/p>\n\n\n\n<p><a href=\"https:\/\/ascension-japan.com\">https:\/\/ascension-japan.com<\/a><\/p>\n\n\n\n<p>Victoire de la lumi\u00e8re !<\/p>\n\n\n\n<p><\/p>\n","protected":false},"excerpt":{"rendered":"<p>Cobra Dimanche 1er d\u00e9cembre 2024 Le portail de la pr\u00e9paration s&rsquo;est ouvert le 22 novembre&#8230;<\/p>\n","protected":false},"author":1,"featured_media":2112,"comment_status":"open","ping_status":"open","sticky":false,"template":"","format":"standard","meta":{"give_campaign_id":0,"cybocfi_hide_featured_image":"yes","_jetpack_memberships_contains_paid_content":false,"footnotes":""},"categories":[33],"tags":[],"class_list":["post-2108","post","type-post","status-publish","format-standard","has-post-thumbnail","hentry","category-complement"],"jetpack_featured_media_url":"https:\/\/i0.wp.com\/leportaildelumiere.com\/wp-content\/uploads\/2023\/07\/image-6-e1733098213460.png?fit=429%2C279&ssl=1","featured_image_urls":{"full":["https:\/\/i0.wp.com\/leportaildelumiere.com\/wp-content\/uploads\/2023\/07\/image-6-e1733098213460.png?fit=429%2C279&ssl=1",429,279,false],"thumbnail":["https:\/\/i0.wp.com\/leportaildelumiere.com\/wp-content\/uploads\/2023\/07\/image-6-e1733098213460.png?resize=150%2C150&ssl=1",150,150,true],"medium":["https:\/\/i0.wp.com\/leportaildelumiere.com\/wp-content\/uploads\/2023\/07\/image-6-e1733098213460.png?fit=300%2C195&ssl=1",300,195,true],"medium_large":["https:\/\/i0.wp.com\/leportaildelumiere.com\/wp-content\/uploads\/2023\/07\/image-6-e1733098213460.png?fit=429%2C279&ssl=1",429,279,true],"large":["https:\/\/i0.wp.com\/leportaildelumiere.com\/wp-content\/uploads\/2023\/07\/image-6-e1733098213460.png?fit=429%2C279&ssl=1",429,279,true],"1536x1536":["https:\/\/i0.wp.com\/leportaildelumiere.com\/wp-content\/uploads\/2023\/07\/image-6-e1733098213460.png?fit=429%2C279&ssl=1",429,279,true],"2048x2048":["https:\/\/i0.wp.com\/leportaildelumiere.com\/wp-content\/uploads\/2023\/07\/image-6-e1733098213460.png?fit=429%2C279&ssl=1",429,279,true],"covernews-featured":["https:\/\/i0.wp.com\/leportaildelumiere.com\/wp-content\/uploads\/2023\/07\/image-6-e1733098213460.png?fit=429%2C279&ssl=1",429,279,true],"covernews-medium":["https:\/\/i0.wp.com\/leportaildelumiere.com\/wp-content\/uploads\/2023\/07\/image-6-e1733098213460.png?resize=429%2C279&ssl=1",445,340,true],"woocommerce_thumbnail":["https:\/\/i0.wp.com\/leportaildelumiere.com\/wp-content\/uploads\/2023\/07\/image-6-e1733098213460.png?resize=300%2C279&ssl=1",300,279,true],"woocommerce_single":["https:\/\/i0.wp.com\/leportaildelumiere.com\/wp-content\/uploads\/2023\/07\/image-6-e1733098213460.png?fit=429%2C279&ssl=1",429,279,true],"woocommerce_gallery_thumbnail":["https:\/\/i0.wp.com\/leportaildelumiere.com\/wp-content\/uploads\/2023\/07\/image-6-e1733098213460.png?resize=100%2C100&ssl=1",100,100,true]},"author_info":{"display_name":"Pierre","author_link":"https:\/\/leportaildelumiere.com\/index.php\/author\/pierre-ortiz\/"},"category_info":"<a href=\"https:\/\/leportaildelumiere.com\/index.php\/category\/complement\/\" rel=\"category tag\">Compl\u00e9ment<\/a>","tag_info":"Compl\u00e9ment","comment_count":"0","jetpack_sharing_enabled":true,"_links":{"self":[{"href":"https:\/\/leportaildelumiere.com\/index.php\/wp-json\/wp\/v2\/posts\/2108","targetHints":{"allow":["GET"]}}],"collection":[{"href":"https:\/\/leportaildelumiere.com\/index.php\/wp-json\/wp\/v2\/posts"}],"about":[{"href":"https:\/\/leportaildelumiere.com\/index.php\/wp-json\/wp\/v2\/types\/post"}],"author":[{"embeddable":true,"href":"https:\/\/leportaildelumiere.com\/index.php\/wp-json\/wp\/v2\/users\/1"}],"replies":[{"embeddable":true,"href":"https:\/\/leportaildelumiere.com\/index.php\/wp-json\/wp\/v2\/comments?post=2108"}],"version-history":[{"count":0,"href":"https:\/\/leportaildelumiere.com\/index.php\/wp-json\/wp\/v2\/posts\/2108\/revisions"}],"wp:featuredmedia":[{"embeddable":true,"href":"https:\/\/leportaildelumiere.com\/index.php\/wp-json\/wp\/v2\/media\/2112"}],"wp:attachment":[{"href":"https:\/\/leportaildelumiere.com\/index.php\/wp-json\/wp\/v2\/media?parent=2108"}],"wp:term":[{"taxonomy":"category","embeddable":true,"href":"https:\/\/leportaildelumiere.com\/index.php\/wp-json\/wp\/v2\/categories?post=2108"},{"taxonomy":"post_tag","embeddable":true,"href":"https:\/\/leportaildelumiere.com\/index.php\/wp-json\/wp\/v2\/tags?post=2108"}],"curies":[{"name":"wp","href":"https:\/\/api.w.org\/{rel}","templated":true}]}}