{"id":2967,"date":"2025-11-12T00:16:31","date_gmt":"2025-11-11T23:16:31","guid":{"rendered":"https:\/\/leportaildelumiere.com\/?p=2967"},"modified":"2026-02-03T00:51:33","modified_gmt":"2026-02-02T23:51:33","slug":"mise-a-jour-ascension","status":"publish","type":"post","link":"https:\/\/leportaildelumiere.com\/index.php\/2025\/11\/12\/mise-a-jour-ascension\/","title":{"rendered":"Mise \u00e0 jour Ascension"},"content":{"rendered":"\n<p>Cobra 11 novembre 2025<\/p>\n\n\n\n<p>L\u2019interf\u00e9rence des biopuces\/R\u00f4deur a \u00e9t\u00e9 \u00e9limin\u00e9e au point que les biopuces elles-m\u00eames ne constituent plus le principal facteur retardant le processus de lib\u00e9ration.<\/p>\n\n\n\n<p>Vous trouverez davantage d&rsquo;informations sur les biopuces dans les notes de l&rsquo;atelier de Tokyo :<\/p>\n\n\n\n<p><a href=\"https:\/\/cobra-interview-conference.blogspot.com\/2025\/10\/ascension-workshop-in-tokyo-20251011.html\">https:\/\/cobra-interview-conference.blogspot.com\/2025\/10\/ascension-workshop-in-tokyo-20251011.html<\/a><\/p>\n\n\n\n<p><a href=\"https:\/\/prepareforchange-japan.blogspot.com\/2025\/10\/ascension-workshop-in-tokyo.html\">https:\/\/prepareforchange-japan.blogspot.com\/2025\/10\/ascension-workshop-in-tokyo.html<\/a><\/p>\n\n\n\n<p>Et \u00e9tonnamment, ici aussi : <\/p>\n\n\n\n<p><a href=\"https:\/\/danbrown.com\/books\/novels\/the-secret-of-secrets\">https:\/\/danbrown.com\/books\/novels\/the-secret-of-secrets<\/a><\/p>\n\n\n\n<p>Les Forces de la Lumi\u00e8re sont en train de r\u00e9gler la situation plan\u00e9taire dans son ensemble, qui est un v\u00e9ritable imbroglio de R\u00f4deur et d&rsquo;anomalies.<\/p>\n\n\n\n<p>Le 20 septembre, l&rsquo;anomalie restante a mut\u00e9, provoquant une grave perturbation du r\u00e9seau. Tout au long du mois d&rsquo;octobre, les Forces de la Lumi\u00e8re se sont employ\u00e9es \u00e0 r\u00e9tablir la situation, avec un succ\u00e8s relatif.<\/p>\n\n\n\n<p>Ils ont mis au point une technologie capable de sonder le royaume subquantique dans une certaine mesure, et d&rsquo;effacer directement des fragments du R\u00f4deur depuis ce domaine. Jusqu&rsquo;\u00e0 pr\u00e9sent, les Forces de la Lumi\u00e8re ignoraient l&rsquo;\u00e9tendue du pouvoir du R\u00f4deur dans le champ subquantique, mais cela commence \u00e0 changer.<\/p>\n\n\n\n<p>Ils ont mis au point un protocole permettant aux individus \u00e0 la surface de se d\u00e9barrasser de l&rsquo;influence n\u00e9faste du R\u00f4deur dans leur champ \u00e9nerg\u00e9tique et leur vie. Pour activer ce protocole, r\u00e9p\u00e9tez trois fois \u00e0 voix haute :<\/p>\n\n\n\n<p>COMMAND CLEAR SPACE<br>COMMAND CLEAR SPACE<br>COMMAND CLEAR SPACE<\/p>\n\n\n\n<p>Les Forces de la Lumi\u00e8re vous d\u00e9barrasseront alors de l&rsquo;influence n\u00e9faste du R\u00f4deur autant que possible.<\/p>\n\n\n\n<p>\u00c0 pr\u00e9sent, les Forces de la Lumi\u00e8re s&#8217;emploient \u00e9galement \u00e0 effacer l&rsquo;anomalie de toutes les archives akashiques concernant tout ce qui s&rsquo;est pass\u00e9 durant toute l&rsquo;histoire de l&rsquo;humanit\u00e9.<\/p>\n\n\n\n<p>L&rsquo;enchev\u00eatrement du R\u00f4deur avec l&rsquo;humanit\u00e9 de surface cr\u00e9e un halo d&rsquo;\u00e9nergie sombre dense autour de la surface de la plan\u00e8te qui s&rsquo;\u00e9tend, dans une faible mesure, \u00e0 travers tout le syst\u00e8me solaire jusqu&rsquo;\u00e0 l&rsquo;h\u00e9liopause.<\/p>\n\n\n\n<figure class=\"wp-block-image aligncenter size-full is-resized\"><img data-recalc-dims=\"1\" loading=\"lazy\" decoding=\"async\" width=\"500\" height=\"454\" src=\"https:\/\/i0.wp.com\/leportaildelumiere.com\/wp-content\/uploads\/2025\/11\/ATVOR-VENTLA.webp?resize=500%2C454&#038;ssl=1\" alt=\"\" class=\"wp-image-4685\" style=\"aspect-ratio:1.1013594906212356;width:406px;height:auto\" srcset=\"https:\/\/i0.wp.com\/leportaildelumiere.com\/wp-content\/uploads\/2025\/11\/ATVOR-VENTLA.webp?w=500&amp;ssl=1 500w, https:\/\/i0.wp.com\/leportaildelumiere.com\/wp-content\/uploads\/2025\/11\/ATVOR-VENTLA.webp?resize=300%2C272&amp;ssl=1 300w\" sizes=\"auto, (max-width: 500px) 100vw, 500px\" \/><\/figure>\n\n\n\n<p>Depuis l&rsquo;ouverture du Portail d&rsquo;Ascension du 12:21 en ao\u00fbt, de nombreuses races de la Conf\u00e9d\u00e9ration Galactique positionnent leurs vaisseaux-m\u00e8res selon des sch\u00e9mas de g\u00e9om\u00e9trie sacr\u00e9e \u00e0 travers le Syst\u00e8me Solaire afin de faciliter le processus d&rsquo;Ascension. Le 7 novembre , au moment du trigone entre Pluton et Sedna, une immense flotte intergalactique positive en provenance des galaxies M87 et M51 est arriv\u00e9e dans le Syst\u00e8me Solaire.<\/p>\n\n\n\n<p>Depuis le 7 novembre, tous ces vaisseaux-m\u00e8res \u00e9mettent un champ d&rsquo;Ascension ATVOR\/VENTLA sp\u00e9cial qui contrecarre le halo d&rsquo;\u00e9nergie sombre du R\u00f4deur, lequel maintenait ce syst\u00e8me solaire prisonnier du champ de Descente depuis 26 000 ans. Ce champ ATVOR\/VENTLA dissout l&rsquo;anomalie de non-intervention cosmique, physique et non physique, et lorsque ATVOR\/VENTLA descendra sur Terre, des choses tr\u00e8s int\u00e9ressantes se produiront.<\/p>\n\n\n\n<p>Les Pl\u00e9iadiens ont fait savoir qu&rsquo;ils souhaitaient organiser une d\u00e9monstration massive de leur flotte de vaisseaux-m\u00e8res devant la population de surface, et ils pourraient le faire, ou non, dans un avenir proche.<\/p>\n\n\n\n<figure class=\"wp-block-image aligncenter size-full is-resized\"><img data-recalc-dims=\"1\" loading=\"lazy\" decoding=\"async\" width=\"640\" height=\"615\" src=\"https:\/\/i0.wp.com\/leportaildelumiere.com\/wp-content\/uploads\/2025\/11\/Contact.jpg?resize=640%2C615&#038;ssl=1\" alt=\"\" class=\"wp-image-3217\" style=\"width:403px;height:auto\" srcset=\"https:\/\/i0.wp.com\/leportaildelumiere.com\/wp-content\/uploads\/2025\/11\/Contact.jpg?w=640&amp;ssl=1 640w, https:\/\/i0.wp.com\/leportaildelumiere.com\/wp-content\/uploads\/2025\/11\/Contact.jpg?resize=300%2C288&amp;ssl=1 300w, https:\/\/i0.wp.com\/leportaildelumiere.com\/wp-content\/uploads\/2025\/11\/Contact.jpg?resize=600%2C577&amp;ssl=1 600w\" sizes=\"auto, (max-width: 640px) 100vw, 640px\" \/><figcaption class=\"wp-element-caption\">Le contact avec des races interstellaires est une cons\u00e9quence in\u00e9vitable du chemin \u00e9volutif de l&rsquo;humanit\u00e9.<\/figcaption><\/figure>\n\n\n\n<p class=\"has-text-align-center\">Depuis l&rsquo;ouverture du portail de l&rsquo;Ascension en ao\u00fbt, les Forces de la Lumi\u00e8re s&#8217;emploient \u00e0 d\u00e9manteler le syst\u00e8me de la Matrice qui r\u00e9git la soci\u00e9t\u00e9 de surface. Cela se manifeste par la flamb\u00e9e du prix de l&rsquo;or imm\u00e9diatement apr\u00e8s le 21 ao\u00fbt.<\/p>\n\n\n\n<p><a href=\"https:\/\/reedscirno.blogspot.com\/2025\/10\/glod-price-has-increased-30-exactly.html\">https:\/\/reedscirno.blogspot.com\/2025\/10\/glod-price-has-increased-30-exactly.html<\/a><\/p>\n\n\n\n<p>L&rsquo;or constitue une protection contre l&rsquo;effondrement de la confiance dans le syst\u00e8me, et la hausse du prix de l&rsquo;or est un indicateur clair d&rsquo;un effondrement mondial de cette confiance.<\/p>\n\n\n\n<p>Depuis l&rsquo;ouverture du Portail de l&rsquo;Ascension, environ 30 % des Artisans de Lumi\u00e8re rapportent une am\u00e9lioration significative de leur qualit\u00e9 de vie, un peu plus de 60 % n&rsquo;ont constat\u00e9 aucun changement, et pour moins de 10 %, leur vie s&rsquo;est d\u00e9grad\u00e9e. Les Forces de Lumi\u00e8re ont communiqu\u00e9 que nous entrons actuellement dans une p\u00e9riode o\u00f9 l&rsquo;accent doit \u00eatre mis sur l&rsquo;autogu\u00e9rison, le repos profond et la croissance spirituelle dans le silence.<\/p>\n\n\n\n<p>Les \u00e9meraudes sont les ancres parfaites de la cl\u00e9 de la Nouvelle Terre sur le plan physique, car elles renferment l&rsquo;arch\u00e9type du paradis que deviendra la Terre apr\u00e8s l&rsquo;Ascension :<\/p>\n\n\n\n<p><a href=\"https:\/\/wowpedia.fandom.com\/wiki\/Emerald_Dream\">https:\/\/wowpedia.fandom.com\/wiki\/Emerald_Dream<\/a><\/p>\n\n\n\n<p>Par cons\u00e9quent, la mission prioritaire absolue est d\u00e9sormais la cr\u00e9ation de la grille d&rsquo;\u00e9meraude \u00e0 la surface de la plan\u00e8te.<\/p>\n\n\n\n<p>Vous trouverez les instructions ici :<\/p>\n\n\n\n<p><a href=\"https:\/\/cosmic-seedsofhope.com\/emerald-grid-guidelines\">https:\/\/cosmic-seedsofhope.com\/emerald-grid-guidelines<\/a><\/p>\n\n\n\n<p><a href=\"https:\/\/ameblo-jp.translate.goog\/cobrameditation\/entry-12886082766.html?_x_tr_sl=ja&amp;_x_tr_tl=en&amp;_x_tr_hl=ja&amp;_x_tr_pto=wapp\">https:\/\/ameblo-jp.translate.goog\/cobrameditation\/entry-12886082766.html?_x_tr_sl=ja&amp;_x_tr_tl=en&amp;_x_tr_hl=ja&amp;_x_tr_pto=wapp<\/a><\/p>\n\n\n\n<p>Le travail de plantation d&rsquo;\u00e9meraudes est particuli\u00e8rement n\u00e9cessaire en Australie, en Russie, en Afrique, au Canada et en Am\u00e9rique du Sud, o\u00f9 presque aucune \u00e9meraude n&rsquo;est plant\u00e9e jusqu&rsquo;\u00e0 pr\u00e9sent.<br>L&rsquo;un des aspects particuliers du travail sur les grilles r\u00e9side dans les activateurs, et ceux-ci ne sont disponibles que via ce lien sp\u00e9cifique :<\/p>\n\n\n\n<p><a href=\"https:\/\/ameblo.jp\/cobrameditation\/entry-12877950588.html\">https:\/\/ameblo.jp\/cobrameditation\/entry-12877950588.html<\/a><\/p>\n\n\n\n<p>Si vous avez \u00e9t\u00e9 initi\u00e9 au rayon \u00e9meraude, votre pratique quotidienne contribue de mani\u00e8re significative \u00e0 l&rsquo;\u00e9quilibre de la grille \u00e9meraude plan\u00e9taire.<\/p>\n\n\n\n<p>Si vous poss\u00e9dez une \u00e9meraude, vous pouvez m\u00e9diter avec elle. Il existe \u00e9galement le protocole de protection du domicile par l&rsquo;\u00e9meraude, qui est puissant, assez simple et gratuit pour tous :<\/p>\n\n\n\n<figure class=\"wp-block-embed is-type-video is-provider-youtube wp-block-embed-youtube wp-embed-aspect-16-9 wp-has-aspect-ratio\"><div class=\"wp-block-embed__wrapper\">\n<iframe loading=\"lazy\" title=\"Emerald Home Protection Protocol - English guided audio\" width=\"640\" height=\"360\" src=\"https:\/\/www.youtube.com\/embed\/38u4q8-Kv5s?feature=oembed\" frameborder=\"0\" allow=\"accelerometer; autoplay; clipboard-write; encrypted-media; gyroscope; picture-in-picture; web-share\" referrerpolicy=\"strict-origin-when-cross-origin\" allowfullscreen><\/iframe>\n<\/div><\/figure>\n\n\n\n<figure class=\"wp-block-embed is-type-video is-provider-youtube wp-block-embed-youtube wp-embed-aspect-16-9 wp-has-aspect-ratio\"><div class=\"wp-block-embed__wrapper\">\n<iframe loading=\"lazy\" title=\"emerald home protection\" width=\"640\" height=\"360\" src=\"https:\/\/www.youtube.com\/embed\/DuYio-l5XpQ?feature=oembed\" frameborder=\"0\" allow=\"accelerometer; autoplay; clipboard-write; encrypted-media; gyroscope; picture-in-picture; web-share\" referrerpolicy=\"strict-origin-when-cross-origin\" allowfullscreen><\/iframe>\n<\/div><\/figure>\n\n\n\n<p>Les Forces de la Lumi\u00e8re et les Chapeaux Blancs poursuivent leurs op\u00e9rations physiques \u00e0 la surface.<\/p>\n\n\n\n<p>Certaines sources affirment que des lits m\u00e9dicaux seront disponibles en janvier :<\/p>\n\n\n\n<p><a href=\"https:\/\/www.rumormillnews.com\/cgi-bin\/forum.cgi?read=260701\">https:\/\/www.rumormillnews.com\/cgi-bin\/forum.cgi?read=260701<\/a><\/p>\n\n\n\n<p>Normalement, je serais assez sceptique face \u00e0 de telles affirmations, mais une de mes sources directes et ind\u00e9pendantes affirme \u00e9galement que des technologies de pointe seront pr\u00e9sent\u00e9es \u00e0 l&rsquo;humanit\u00e9 en janvier.<\/p>\n\n\n\n<p>Il est int\u00e9ressant de noter que Trump a mentionn\u00e9 les lits m\u00e9dicaux dans l&rsquo;une de ses publications sur les r\u00e9seaux sociaux :<\/p>\n\n\n\n<p><a href=\"https:\/\/www.independent.co.uk\/news\/world\/americas\/us-politics\/trump-medbeds-video-truth-social-b2835407.html\">https:\/\/www.independent.co.uk\/news\/world\/americas\/us-politics\/trump-medbeds-video-truth-social-b2835407.html<\/a><\/p>\n\n\n\n<p><a href=\"https:\/\/people.com\/donald-trump-posts-deletes-ai-generated-video-promoting-medbed-conspiracy-theory-11820270\">https:\/\/people.com\/donald-trump-posts-deletes-ai-generated-video-promoting-medbed-conspiracy-theory-11820270<\/a><\/p>\n\n\n\n<p><a href=\"https:\/\/www.yahoo.com\/news\/articles\/karoline-leavitt-defends-trump-now-181412713.html\">https:\/\/www.yahoo.com\/news\/articles\/karoline-leavitt-defends-trump-now-181412713.html<\/a><\/p>\n\n\n\n<p>Les Forces de la Lumi\u00e8re et les Chapeaux Blancs nettoient les laboratoires biologiques :<\/p>\n\n\n\n<p><a href=\"https:\/\/jonfleetwood.substack.com\/p\/over-100-bsl-4-bioweapons-labs-now\">https:\/\/jonfleetwood.substack.com\/p\/over-100-bsl-4-bioweapons-labs-now<\/a><\/p>\n\n\n\n<p>Sauver les enfants :<\/p>\n\n\n\n<p><a href=\"https:\/\/gazetteller.com\/breaking-news-300000-children-went-missing-under-biden-now-president-trumps-task-force-has-rescued-58000-and-is-exposing-the-global-elites-6-billion-trafficking-netwo\">https:\/\/gazetteller.com\/breaking-news-300000-children-went-missing-under-biden-now-president-trumps-task-force-has-rescued-58000-and-is-exposing-the-global-elites-6-billion-trafficking-netwo<\/a><\/p>\n\n\n\n<p>Travaux de r\u00e9seau \u00e9lectrique \u00e0 Washington DC :<\/p>\n\n\n\n<p><a href=\"https:\/\/gazetteller.com\/video-exclusive-update-trumps-new-white-house-ballroom-is-destroying-the-freemason-control-grid-under-washington-dc-200-years-of-elite-ritual-power-lines-masonic-foundation-c\">https:\/\/gazetteller.com\/video-exclusive-update-trumps-new-white-house-ballroom-is-destroying-the-freemason-control-grid-under-washington-dc-200-years-of-elite-ritual-power-lines-masonic-foundation-c<\/a><\/p>\n\n\n\n<p><a href=\"https:\/\/www.rumormillnews.com\/cgi-bin\/forum.cgi?read=260990\">https:\/\/www.rumormillnews.com\/cgi-bin\/forum.cgi?read=260990<\/a><\/p>\n\n\n\n<p>Et contribuer \u00e0 une divulgation en douceur :<\/p>\n\n\n\n<p><a href=\"https:\/\/www.foxnews.com\/us\/jd-vance-says-ufos-aliens-could-be-spiritual-forces-vp-vows-get-bottom-mystery-skies\">https:\/\/www.foxnews.com\/us\/jd-vance-says-ufos-aliens-could-be-spiritual-forces-vp-vows-get-bottom-mystery-skies<\/a><\/p>\n\n\n\n<p>\u00c0 propos des bases sous-marines d&rsquo;Aldebaran :<\/p>\n\n\n\n<p><a href=\"https:\/\/nypost.com\/2025\/10\/26\/us-news\/ufo-tracker-shows-thousands-of-eerie-underwater-objects-lurking-along-us-coasts\">https:\/\/nypost.com\/2025\/10\/26\/us-news\/ufo-tracker-shows-thousands-of-eerie-underwater-objects-lurking-along-us-coasts<\/a><\/p>\n\n\n\n<p>Et concernant les activit\u00e9s du commandement Ashtar dans les ann\u00e9es 1950 :<\/p>\n\n\n\n<p><a href=\"https:\/\/www.space.com\/space-exploration\/search-for-life\/were-unexplained-flashes-of-light-in-70-year-old-sky-surveys-caused-by-ufos-or-nuclear-testing-why-not-both-researchers-say\">https:\/\/www.space.com\/space-exploration\/search-for-life\/were-unexplained-flashes-of-light-in-70-year-old-sky-surveys-caused-by-ufos-or-nuclear-testing-why-not-both-researchers-say<\/a><\/p>\n\n\n\n<figure class=\"wp-block-image aligncenter size-full\"><img data-recalc-dims=\"1\" loading=\"lazy\" decoding=\"async\" width=\"512\" height=\"179\" src=\"https:\/\/i0.wp.com\/leportaildelumiere.com\/wp-content\/uploads\/2025\/11\/Solar-Proton-Event.gif?resize=512%2C179&#038;ssl=1\" alt=\"\" class=\"wp-image-2970\"\/><\/figure>\n\n\n\n<p>Le Soleil est extr\u00eamement actif aujourd&rsquo;hui, avec une \u00e9ruption solaire si puissante que certaines particules ont atteint la surface, et un \u00ab \u00e9v\u00e9nement au niveau du sol est en cours \u00bb :<\/p>\n\n\n\n<p><a href=\"https:\/\/www.zerohedge.com\/weather\/rare-cannibal-cme-set-slam-earth-raising-risk-ground-level-radiation-surge-threats-critical\">https:\/\/www.zerohedge.com\/weather\/rare-cannibal-cme-set-slam-earth-raising-risk-ground-level-radiation-surge-threats-critical<\/a><\/p>\n\n\n\n<p>Cet \u00e9v\u00e9nement rare de protons solaires est en train d&rsquo;\u00e9liminer une partie importante de l&rsquo;anomalie de surface.<\/p>\n\n\n\n<p>ATVOR \/ VENTLA ! Victoire de la Lumi\u00e8re !<\/p>\n\n\n\n<p>Source : http:\/\/2012portal.blogspot.com\/2025\/11\/ascension-update.html<br>Label : ATVOR\/VENTLA , \u00e9meraudes , Lurker<\/p>\n","protected":false},"excerpt":{"rendered":"<p>Cobra 11 novembre 2025 L\u2019interf\u00e9rence des biopuces\/R\u00f4deur a \u00e9t\u00e9 \u00e9limin\u00e9e au point que les biopuces&#8230;<\/p>\n","protected":false},"author":1,"featured_media":4685,"comment_status":"open","ping_status":"open","sticky":false,"template":"","format":"standard","meta":{"give_campaign_id":0,"cybocfi_hide_featured_image":"yes","_jetpack_memberships_contains_paid_content":false,"footnotes":""},"categories":[33],"tags":[],"class_list":["post-2967","post","type-post","status-publish","format-standard","has-post-thumbnail","hentry","category-complement"],"jetpack_featured_media_url":"https:\/\/i0.wp.com\/leportaildelumiere.com\/wp-content\/uploads\/2025\/11\/ATVOR-VENTLA.webp?fit=500%2C454&ssl=1","featured_image_urls":{"full":["https:\/\/i0.wp.com\/leportaildelumiere.com\/wp-content\/uploads\/2025\/11\/ATVOR-VENTLA.webp?fit=500%2C454&ssl=1",500,454,false],"thumbnail":["https:\/\/i0.wp.com\/leportaildelumiere.com\/wp-content\/uploads\/2025\/11\/ATVOR-VENTLA.webp?resize=150%2C150&ssl=1",150,150,true],"medium":["https:\/\/i0.wp.com\/leportaildelumiere.com\/wp-content\/uploads\/2025\/11\/ATVOR-VENTLA.webp?fit=300%2C272&ssl=1",300,272,true],"medium_large":["https:\/\/i0.wp.com\/leportaildelumiere.com\/wp-content\/uploads\/2025\/11\/ATVOR-VENTLA.webp?fit=500%2C454&ssl=1",500,454,true],"large":["https:\/\/i0.wp.com\/leportaildelumiere.com\/wp-content\/uploads\/2025\/11\/ATVOR-VENTLA.webp?fit=500%2C454&ssl=1",500,454,true],"1536x1536":["https:\/\/i0.wp.com\/leportaildelumiere.com\/wp-content\/uploads\/2025\/11\/ATVOR-VENTLA.webp?fit=500%2C454&ssl=1",500,454,true],"2048x2048":["https:\/\/i0.wp.com\/leportaildelumiere.com\/wp-content\/uploads\/2025\/11\/ATVOR-VENTLA.webp?fit=500%2C454&ssl=1",500,454,true],"covernews-featured":["https:\/\/i0.wp.com\/leportaildelumiere.com\/wp-content\/uploads\/2025\/11\/ATVOR-VENTLA.webp?fit=500%2C454&ssl=1",500,454,true],"covernews-medium":["https:\/\/i0.wp.com\/leportaildelumiere.com\/wp-content\/uploads\/2025\/11\/ATVOR-VENTLA.webp?resize=500%2C340&ssl=1",500,340,true],"woocommerce_thumbnail":["https:\/\/i0.wp.com\/leportaildelumiere.com\/wp-content\/uploads\/2025\/11\/ATVOR-VENTLA.webp?resize=300%2C300&ssl=1",300,300,true],"woocommerce_single":["https:\/\/i0.wp.com\/leportaildelumiere.com\/wp-content\/uploads\/2025\/11\/ATVOR-VENTLA.webp?fit=500%2C454&ssl=1",500,454,true],"woocommerce_gallery_thumbnail":["https:\/\/i0.wp.com\/leportaildelumiere.com\/wp-content\/uploads\/2025\/11\/ATVOR-VENTLA.webp?resize=100%2C100&ssl=1",100,100,true]},"author_info":{"display_name":"Pierre","author_link":"https:\/\/leportaildelumiere.com\/index.php\/author\/pierre-ortiz\/"},"category_info":"<a href=\"https:\/\/leportaildelumiere.com\/index.php\/category\/complement\/\" rel=\"category tag\">Compl\u00e9ment<\/a>","tag_info":"Compl\u00e9ment","comment_count":"0","jetpack_sharing_enabled":true,"_links":{"self":[{"href":"https:\/\/leportaildelumiere.com\/index.php\/wp-json\/wp\/v2\/posts\/2967","targetHints":{"allow":["GET"]}}],"collection":[{"href":"https:\/\/leportaildelumiere.com\/index.php\/wp-json\/wp\/v2\/posts"}],"about":[{"href":"https:\/\/leportaildelumiere.com\/index.php\/wp-json\/wp\/v2\/types\/post"}],"author":[{"embeddable":true,"href":"https:\/\/leportaildelumiere.com\/index.php\/wp-json\/wp\/v2\/users\/1"}],"replies":[{"embeddable":true,"href":"https:\/\/leportaildelumiere.com\/index.php\/wp-json\/wp\/v2\/comments?post=2967"}],"version-history":[{"count":3,"href":"https:\/\/leportaildelumiere.com\/index.php\/wp-json\/wp\/v2\/posts\/2967\/revisions"}],"predecessor-version":[{"id":4688,"href":"https:\/\/leportaildelumiere.com\/index.php\/wp-json\/wp\/v2\/posts\/2967\/revisions\/4688"}],"wp:featuredmedia":[{"embeddable":true,"href":"https:\/\/leportaildelumiere.com\/index.php\/wp-json\/wp\/v2\/media\/4685"}],"wp:attachment":[{"href":"https:\/\/leportaildelumiere.com\/index.php\/wp-json\/wp\/v2\/media?parent=2967"}],"wp:term":[{"taxonomy":"category","embeddable":true,"href":"https:\/\/leportaildelumiere.com\/index.php\/wp-json\/wp\/v2\/categories?post=2967"},{"taxonomy":"post_tag","embeddable":true,"href":"https:\/\/leportaildelumiere.com\/index.php\/wp-json\/wp\/v2\/tags?post=2967"}],"curies":[{"name":"wp","href":"https:\/\/api.w.org\/{rel}","templated":true}]}}