{"id":2977,"date":"2025-11-11T17:05:02","date_gmt":"2025-11-11T16:05:02","guid":{"rendered":"https:\/\/leportaildelumiere.com\/?p=2977"},"modified":"2026-01-22T14:41:24","modified_gmt":"2026-01-22T13:41:24","slug":"atelier-de-berchtesgaden","status":"publish","type":"post","link":"https:\/\/leportaildelumiere.com\/index.php\/2025\/11\/11\/atelier-de-berchtesgaden\/","title":{"rendered":"Atelier de Berchtesgaden"},"content":{"rendered":"\n<p>28 octobre 2025 par Cobra<\/p>\n\n\n\n<h2 class=\"wp-block-heading\">Ouverture<\/h2>\n\n\n\n<p>Apr\u00e8s un sondage en salle, apparait un r\u00e9sultat r\u00e9aliste de l&rsquo;ouverture du portail du 21\/08\/2025 et le sentiment qu\u2019il en r\u00e9sulte depuis : environ 79 % des participants ont vu leur vie s&rsquo;am\u00e9liorer, environ 20 % ont constat\u00e9 aucun changement et environ 1 % ont vu leur vie se d\u00e9t\u00e9riorer.<\/p>\n\n\n\n<p>Dans les ateliers pr\u00e9c\u00e9dents, les r\u00e9sultats \u00e9taient \u00e0 peu pr\u00e8s les m\u00eames. La vie d\u2019un nombre important de personnes s&rsquo;est am\u00e9lior\u00e9e avec l&rsquo;ouverture du portail. Il n&rsquo;y a m\u00eame pas encore eu d&rsquo;intervention physique, l&rsquo;un des buts ou objectifs d&rsquo;ouverture du portail a \u00e9t\u00e9 atteint. C\u2019est l\u2019am\u00e9lioration de la vie des travailleurs de Lumi\u00e8re.<\/p>\n\n\n\n<h2 class=\"wp-block-heading\">Gu\u00e9rison des travailleurs de Lumi\u00e8re<\/h2>\n\n\n\n<p>Les forces de la Lumi\u00e8re ont communiqu\u00e9 que la gu\u00e9rison des travailleurs de Lumi\u00e8re est n\u00e9cessaire maintenant. Beaucoup d\u2019entre eux sont fatigu\u00e9s, bless\u00e9s et ont besoin de gu\u00e9rison. Il est important de poursuivre la mission, mais c&rsquo;est le moment pour tout le monde de prendre le temps de se reposer et de se concentrer sur la gu\u00e9rison personnelle. Il existe de nombreuses techniques de gu\u00e9rison disponibles \u00e0 la surface de la plan\u00e8te. Des m\u00e9thodes spirituelles \u00e0 la gu\u00e9rison \u00e9nerg\u00e9tique, vous choisissez et participez \u00e0 ce qui vous semble n\u00e9cessaire pour gu\u00e9rir votre propre condition. Cette gu\u00e9rison est n\u00e9cessaire pour l\u2019\u00e9tape suivante du processus d\u2019Ascension et aussi pour le processus de lib\u00e9ration.<\/p>\n\n\n\n<p>Le processus qui a d\u00e9but\u00e9 le 21 ao\u00fbt est en cours et continuera de s&rsquo;intensifier. Certaines personnes ont fait des efforts consid\u00e9rables en plus pour cr\u00e9er des vid\u00e9os supports et fournir des explications.<\/p>\n\n\n\n<p>Apr\u00e8s, beaucoup de gens travaillent de 9h \u00e0 17h, puis rentrent \u00e0 la maison et doivent cuisiner des repas, faire la lessive, etc. On pourrait dire qu&rsquo;ils se consacrent encore plus \u00e0 ces t\u00e2ches, c&rsquo;est la condition humaine.<\/p>\n\n\n\n<p>La m\u00e9ditation fonctionne vraiment comme vous avez pu le voir car elle peut changer le syst\u00e8me de r\u00e9alit\u00e9. Les gens attendent trop. Bien s\u00fbr, avoir des attentes est naturel. Mais c&rsquo;est une plan\u00e8te folle dans un univers fou. C&rsquo;est extr\u00eamement difficile de savoir ce qui va se passer. En d&rsquo;autres termes, quoi qu&rsquo;il arrive, il est impossible de le savoir \u00e0 l&rsquo;avance. Tout ce que nous pouvons faire devient meilleur avec la m\u00e9ditation.<\/p>\n\n\n\n<p>La raison principale est qu&rsquo;il y a trop d&rsquo;anomalies. Nous ne pouvons donc nous concentrer que sur le processus. Nous ne pouvons que nous concentrer sur le r\u00e9sultat que nous recevons finalement.<\/p>\n\n\n\n<p>Comme mentionn\u00e9 \u00e0 l\u2019atelier de Munich, un portail d\u2019Ascension massif s\u2019est ouvert sur l\u2019ensemble du syst\u00e8me solaire. Une immense flotte de vaisseaux-m\u00e8res verrouille un mandala multidimensionnel dans tout le syst\u00e8me solaire Ces flottes massives envoient toutes une \u00e9nergie immense vers la Terre.<\/p>\n\n\n\n<h2 class=\"wp-block-heading\">Effacer les archives akashiques<\/h2>\n\n\n\n<p>Ces \u00e9nergies sont en train de r\u00e9soudre toutes les anomalies de la plan\u00e8te. \u00c0 l&rsquo;heure actuelle, elles purifient les archives Akashiques qui se sont accumul\u00e9es sur cette plan\u00e8te depuis des milliers d&rsquo;ann\u00e9es. Tout ce qui s&rsquo;est pass\u00e9 dans le pass\u00e9 est en train d&rsquo;\u00eatre nettoy\u00e9. Les souvenirs, les \u00e9nergies, les signatures et les t\u00e9n\u00e8bres provenant de l&rsquo;histoire de la plan\u00e8te, qui a \u00e9t\u00e9 domin\u00e9e pendant des mill\u00e9naires, sont maintenant supprim\u00e9s. Cela fait partie du processus d&rsquo;Ascension.<\/p>\n\n\n\n<p>Nos archives Akashiques individuelles sont effac\u00e9es. Vos vies pass\u00e9es, votre corps causal, votre corps \u00e9nerg\u00e9tique, tous sont transmut\u00e9s.<\/p>\n\n\n\n<p>En d&rsquo;autres termes, ce qui se passe maintenant est une r\u00e9initialisation de l&rsquo;histoire plan\u00e9taire et personnelle.<\/p>\n\n\n\n<p>Cela n&rsquo;efface pas les souvenirs. Cela supprime simplement toute anomalie et les charges n\u00e9gatives cons\u00e9cutives cr\u00e9\u00e9es. Tout cela doit se produire avant tout changement important. Sinon, les gens se trouveront dans des conditions vraiment difficiles. Parfois, des flashbacks de vieux souvenirs peuvent appara\u00eetre dans votre esprit. Une bref souvenir apparait brusquement et dispara\u00eet aussi vite. C\u2019est un signe que l\u2019\u00e9nergie associ\u00e9e \u00e0 cette m\u00e9moire doit \u00eatre purifi\u00e9e.<\/p>\n\n\n\n<h2 class=\"wp-block-heading\">Ancrer ATVOR du commandement Ashtar<\/h2>\n\n\n\n<p>Cela se poursuivra pendant un certain temps jusqu&rsquo;\u00e0 ce que toutes les anomalies soient \u00e9limin\u00e9es. Lorsqu&rsquo;elles seront suffisamment d\u00e9gag\u00e9es, le commandement Ashtar de la Conf\u00e9d\u00e9ration Galactique sera capable d\u2019ancrer cette \u00e9nergie sur la plan\u00e8te. Cela signifie que le pilier de Lumi\u00e8re d&rsquo;ATVOR s&rsquo;ancrera dans le sol. Cela chargera la plan\u00e8te enti\u00e8re avec cette \u00e9nergie. Une fois qu&rsquo;elle sera charg\u00e9e, le plasma solaire commencera \u00e9galement \u00e0 \u00eatre dirig\u00e9. La charge \u00e9nerg\u00e9tique deviendra constructive, mais pas destructrice, pour la surface de la plan\u00e8te. Cela deviendra le signe annonciateur d&rsquo;un flash solaire. Nous commen\u00e7ons \u00e0 passer lentement \u00e0 cette phase. Cela se produit naturellement sur la plan\u00e8te une fois tous les 26 000 ans, et approximativement tous les 13.000 ans. \u00c0 ce moment, des quantit\u00e9s massives de plasma sont charg\u00e9es et lib\u00e9r\u00e9es.<\/p>\n\n\n\n<p>C&rsquo;est la principale raison pour laquelle le faisceau ATVOR doit \u00eatre ancr\u00e9 au sol. Il stabilise le plasma solaire, emp\u00eachant les dommages \u00e0 la plan\u00e8te. Les \u00e9v\u00e9nements solaires pass\u00e9s \u00e9taient extr\u00eamement destructeurs. Un tel \u00e9v\u00e9nement a m\u00eame effac\u00e9 90% de la vie sur Terre. C&rsquo;\u00e9tait parce qu&rsquo;il y avait trop d&rsquo;anomalies ici, emp\u00eachant le commandement Ashtar d&rsquo;ancrer correctement le rayon ATVOR. Cependant, cette fois, nous avons consid\u00e9rablement r\u00e9duit \u00e0 la fois les R\u00f4deurs et les anomalies par rapport \u00e0 ce temps, de sorte que le commandement Ashtar devrait \u00eatre capable d&rsquo;ancrer correctement le rayon ATVOR \u00e0 la surface de la plan\u00e8te !<\/p>\n\n\n\n<p>Aujourd\u2019hui, ceux initi\u00e9s au rayon ATVOR vont directement exp\u00e9rimenter son \u00e9nergie. Cette \u00e9nergie continuera \u00e0 s\u2019intensifier L&rsquo;objectif du commandement Ashtar est d&rsquo;\u00e9radiquer compl\u00e8tement les R\u00f4deurs et les anomalies \u00e0 la surface de la plan\u00e8te. C\u2019est la derni\u00e8re mission pour la lib\u00e9ration de l\u2019univers.<\/p>\n\n\n\n<p>Une fois cette mission termin\u00e9e, tout deviendra plus facile. Actuellement, nous sommes des otages \u00e0 la surface de la plan\u00e8te, mais \u00e0 mesure que l&rsquo;anomalie s&rsquo;apaise, la sensibilit\u00e9 des gens \u00e0 la Lumi\u00e8re deviendra plus forte. Alors les sauts quantiques commenceront \u00e0 se produire. La divulgation commencera. Le premier contact va commencer. L\u2019intervention physique commencera et l\u2019\u00e9v\u00e9nement se produira.<\/p>\n\n\n\n<p>Il n\u2019est pas possible de donner de rendez-vous. Les risques sont trop grands. Mais cela a pris trop de temps. En termes simples, le changement est trop vaste. Nous essayons de modifier des dizaines de milliers d&rsquo;ann\u00e9es d&rsquo;histoire humaine &#8211; c&rsquo;est un changement d&rsquo;ampleur colossale.<\/p>\n\n\n\n<p>La galaxie doit \u00e9galement \u00eatre la base du processus de devenir de son propre changement polaire. Les galaxies poss\u00e8dent leurs propres p\u00f4les magn\u00e9tiques. Par cons\u00e9quent, elles subissent des inversions de p\u00f4le magn\u00e9tique. Lorsque le Soleil Central Galactique s&rsquo;active, toute vie \u00e0 l&rsquo;int\u00e9rieur de la galaxie est affect\u00e9e.<\/p>\n\n\n\n<h2 class=\"wp-block-heading\">Tachyons<\/h2>\n\n\n\n<p>Le Soleil Central est la source d\u2019\u00e9nergie tachyon. Les tachyons sont des particules subatomiques cr\u00e9\u00e9es pour la premi\u00e8re fois apr\u00e8s le Big Bang de l&rsquo;univers. Par cons\u00e9quent, les tachyons poss\u00e8dent une connexion directe avec le Soleil Central Galactique.<\/p>\n\n\n\n<p>Ce sont les \u00e9nergies les plus efficaces et les plus harmonieuses de l\u2019univers.<\/p>\n\n\n\n<p>Et ce sont les \u00e9nergies les plus naturelles de l\u2019univers. Ils impr\u00e8gnent partout dans l&rsquo;univers.<\/p>\n\n\n\n<p>Malheureusement, cette Plan\u00e8te manque de Tachyons parce qu&rsquo;elle est occup\u00e9e par des forces obscures. Elles utilisent des appareils de chauffage ionosph\u00e9rique et la technologie HAARP pour bloquer les tachyons. C&rsquo;est une technologie qui manipule l&rsquo;ionosph\u00e8re, situ\u00e9e dans le monde entier dans des endroits comme l&rsquo;Alaska, la Chine, etc. L\u2019ionosph\u00e8re est la partie sup\u00e9rieure de l\u2019atmosph\u00e8re qui filtre la plupart des rayons cosmiques. Puisque les tachyons voyagent sur des rayons cosmiques, ils y sont bloqu\u00e9s.<\/p>\n\n\n\n<p>Pour ces raisons, les Pl\u00e9iadiens ont donn\u00e9 instruction \u00e0 Cobra sur la fa\u00e7on de construire la chambre \u00e0 tachyons. C&rsquo;est le principe de l&rsquo;enchev\u00eatrement quantique. Un cristal est install\u00e9 dans une station spatiale en orbite, tandis que son cristal double enchev\u00eatr\u00e9 au niveau quantique est install\u00e9 dans la chambre principale de tachyons sur Terre. C&rsquo;est le m\u00e9canisme par lequel les tachyons sont transmis de l&rsquo;espace \u00e0 la Terre. Gr\u00e2ce \u00e0 l&rsquo;existence de cette chambre principale de tachyons, toutes les chambres \u00e0 tachyons sur Terre peuvent fonctionner.<\/p>\n\n\n\n<p>Il existe deux types de chambres \u00e0 tachyons. Le premier type consiste \u00e0 gu\u00e9rir les gens. Cela insuffle des tachyons dans la peau des \u00eatres vivants. Ce type est disponible \u00e0 la vente. L&rsquo;autre type est une chambre qui tachyonise les objets. Celle-ci n&rsquo;est pas disponible \u00e0 la vente. Aujourd&rsquo;hui, Cobra a apport\u00e9 beaucoup plus de produits tachyonis\u00e9s. La diffusion de tachyons \u00e0 travers la plan\u00e8te est \u00e9galement l\u2019une de ses missions importantes.<\/p>\n\n\n\n<p>Ici vous pouvez trouver plus de d\u00e9tails sur les produits tachyonis\u00e9s vendus via ce site:<\/p>\n\n\n\n<p><a href=\"https:\/\/tachyonis.org\/Products.html\">https:\/\/tachyonis.org\/Products.html<\/a><\/p>\n\n\n\n<h2 class=\"wp-block-heading\">Berchtesgaden et le portail du temps<\/h2>\n\n\n\n<p>Toute cette zone est un vortex tr\u00e8s fort depuis tr\u00e8s longtemps. Berchtesgaden a de nombreuses grottes. Certains m\u00e8nent \u00e0 Agartha (intraterre).<\/p>\n\n\n\n<p>Agartha est extr\u00eamement active dans cet endroit depuis des dizaines de milliers d&rsquo;ann\u00e9es. Ses peuples ont esay\u00e9 tous les moyens possibles pour ancrer le portail du temps. Ils ont \u00e9galement ancr\u00e9 le rayon d&rsquo;\u00e9meraude.<\/p>\n\n\n\n<p>Cette zone compte \u00e9galement de nombreuses mines de sel. Certaines d&rsquo;entre elles sont utilis\u00e9es depuis l&rsquo;\u00e9poque celtique, il y a plus de 2000 ans. Le sel de plus de 2000 ans est extr\u00eamement pr\u00e9cieux. M\u00eame les soldats romains cherchaient le sel ici.<\/p>\n\n\n\n<p>Pour toutes ces raisons, cet endroit est tr\u00e8s sp\u00e9cial et riche en quelque sorte.<\/p>\n\n\n\n<h2 class=\"wp-block-heading\">Salzbourg, Hallein et mines de sel<\/h2>\n\n\n\n<p>Le nom de Salzbourg vient du sel. Tout comme Hallein. (Ce nom d\u00e9rive de mots celtiques signifiant sel.)<\/p>\n\n\n\n<p>Hallein a deux mines de sel tr\u00e8s importantes. Pendant la Seconde Guerre mondiale, de nombreuses oeuvres d&rsquo;art vol\u00e9es y ont \u00e9t\u00e9 stock\u00e9es. Ces sites sont actifs depuis 2000 ans. \u00c0 un moment donn\u00e9, les forces de la Lumi\u00e8re ont d\u00e9cid\u00e9 d&rsquo;activer cet emplacement.<\/p>\n\n\n\n<h2 class=\"wp-block-heading\">D\u00e9esse Isais \u2013 Partie 1<\/h2>\n\n\n\n<p>Il y avait un chevalier m\u00e9di\u00e9val qui voyageait \u00e0 travers le Moyen-Orient. Il s&rsquo;appelait Hubertus Koch. Il s&rsquo;est rendu \u00e0 Ninive, dans ce qui est aujourd&rsquo;hui l&rsquo;Irak. \u00c0 cette \u00e9poque, c&rsquo;\u00e9tait la r\u00e9gion assyrienne. Avant l&rsquo;Assyrie, il y avait les Sum\u00e9riens. Il y avait l\u00e0 un tr\u00e8s fort vortex de la D\u00e9esse. Puis les Assyriens vinrent et commenc\u00e8rent \u00e0 supprimer l\u2019\u00e9nergie de la D\u00e9esse.<\/p>\n\n\n\n<p>Cependant, m\u00eame \u00e0 l&rsquo;\u00e9poque assyrienne, un groupe secret de pr\u00eatresses de la D\u00e9esse y existait il y a environ 3.000 ans. De nombreux temples secrets de la D\u00e9esse ont \u00e9t\u00e9 construits \u00e0 Ninive. Hubertus Koch a visit\u00e9 leurs ruines. L\u00e0, il a re\u00e7u une vision. Il a \u00e9t\u00e9 contact\u00e9 par la D\u00e9esse Isais. Isais appartient au m\u00eame groupe d\u2019\u00e2mes que la D\u00e9esse Isis. Elles sont de la famille Sheran.<\/p>\n\n\n\n<p>Hubertus Koch y re\u00e7ut une r\u00e9v\u00e9lation, lui enjoignant d&rsquo;aller \u00e0 Untersberg. On lui a dit de construire une r\u00e9sidence des Templiers \u00e0 cet endroit. Et c&rsquo;est en l&rsquo;an 1221 qu&rsquo;ils l&rsquo;ont construite.<\/p>\n\n\n\n<h2 class=\"wp-block-heading\">R\u00e9sidence des Templiers<\/h2>\n\n\n\n<p>En d\u2019autres termes, ils essayaient d\u2019ouvrir ce que nous appelons maintenant le portail 12:21. La r\u00e9sidence des Templiers est situ\u00e9e pr\u00e8s de la ville de Markt Schellenberg. Les myst\u00e8res de la D\u00e9esse ont \u00e9t\u00e9 transmis dans cette r\u00e9sidence.<\/p>\n\n\n\n<p>Quelque temps plus tard, deux autres Templiers sont arriv\u00e9s. Ils venaient de Carthage. Ils fond\u00e8rent la Confr\u00e9rie de la Pierre Noire. [Cobra montre la pierre de Cintamani.] Cette pierre noire.<\/p>\n\n\n\n<p>Oui, ils poss\u00e9daient des fragments de la pierre de Cintamani. Cela les reliait au syst\u00e8me d&rsquo;\u00e9toiles Sirius.<\/p>\n\n\n\n<p>Et cette r\u00e9sidence Templi\u00e8re \u00e9tait reli\u00e9e aux loges des Templiers dans toute l&rsquo;Europe. Les groupes d&rsquo;\u00e2mes \u00e9taient pr\u00e9sents en particulier dans le sud de Salzbourg et aussi \u00e0 Venise. C&rsquo;\u00e9tait l&rsquo;Ordo Bucintoro. Ils \u00e9taient les gardiens des myst\u00e8res de la D\u00e9esse en Europe \u00e0 cette \u00e9poque.<\/p>\n\n\n\n<h2 class=\"wp-block-heading\">Zone de Contact<\/h2>\n\n\n\n<p>\u00c0 la fin du XIXe si\u00e8cle, les Pl\u00e9iadiens et les Ald\u00e9barans ont d\u00e9cid\u00e9 d&rsquo;initier un programme spatial secret sur cette plan\u00e8te. L&rsquo;\u00e9lue \u00e9tait Maria Orsic de Zagreb. Elle \u00e9tait reli\u00e9e \u00e0 un homme nomm\u00e9 Rudolf Von Sebottendorf. Ce n\u2019\u00e9tait pas son vrai nom, c\u2019\u00e9tait pour cacher ses v\u00e9ritables origines. Ils se rassembl\u00e8rent dans une loge pr\u00e8s d&rsquo;Untersberg. L\u00e0, ils ont \u00e9t\u00e9 contact\u00e9s par les seigneurs de Blackstone.<\/p>\n\n\n\n<p>Maria Orsic poss\u00e9dait \u00e9galement une pierre de Cintamani. Elle l&rsquo;a utilis\u00e9e pour se connecter avec le peuple Aldebaran. Elle a appris la technologie des soi-disant soucoupes volantes du peuple Ald\u00e9baran. Ils lui ont enseign\u00e9 ces technologies dans les anciennes langues Assyrienne et Sum\u00e9rienne. Ces instructions devaient \u00eatre traduites. Le professeur Schumann \u00e0 Munich a d\u00e9termin\u00e9 qu&rsquo;il s&rsquo;agissait de notes techniques.<\/p>\n\n\n\n<p>Et le prototype a \u00e9t\u00e9 construit, vraisemblablement en 1922. Si la diffusion de cette technologie avait r\u00e9ussi, toute l&rsquo;humanit\u00e9 utiliserait des soucoupes volantes maintenant.<\/p>\n\n\n\n<p>C&rsquo;est l\u00e0 que tout a commenc\u00e9. Tout a commenc\u00e9 \u00e0 partir d&rsquo;ici.<\/p>\n\n\n\n<p>Mais malheureusement, les nazis ont vol\u00e9 cette technologie. Maria Orsic et les autres femmes ont \u00e9t\u00e9 secourues par le peuple Ald\u00e9baran. C&rsquo;\u00e9tait en 1945. Elles travaillent maintenant au sein de la Conf\u00e9d\u00e9ration Galactique.<\/p>\n\n\n\n<p>Berchtesgaden est donc un lieu de grande importance. Entour\u00e9 de montagnes, c&rsquo;est comme un lieu de contact naturel. En fait, ce sera l&rsquo;un des premiers endroits o\u00f9 le premier contact se produira.<\/p>\n\n\n\n<p>Et malheureusement, les forces obscures en ont \u00e9galement pris conscience. C&rsquo;est pourquoi elles ont install\u00e9 de nombreuses armes \u00e0 \u00e9nergie dirig\u00e9e et des armes \u00e0 ondes scalaires dans les montagnes de Berchtesgaden. C&rsquo;est une zone active avec les forces militaires et leurs plans secrets. Parce qu&rsquo;ils savent que cet emplacement est adapt\u00e9 au premier contact avec les ET, ils le surveillent constamment.<\/p>\n\n\n\n<p>Les grottes sont \u00e9galement sous surveillance. Il y a quelques ann\u00e9es, les grottes qui avaient toujours \u00e9t\u00e9 librement accessibles aux gens \u00e9taient soudainement ferm\u00e9es. L\u2019excuse habituelle : \u00abCe n\u2019est plus s\u00fbr ici, donc nous le fermons\u00bb. Il y a dix ans, on pouvait entrer dans ces belles grottes, mais maintenant on ne peut plus.<\/p>\n\n\n\n<h2 class=\"wp-block-heading\">Aide aux Templiers<\/h2>\n\n\n\n<p>Donc, il y a environ 800 ans, les Templiers \u00e9taient tr\u00e8s actifs ici \u00e0 Berchtesgaden. Ils avaient une loge ici, reli\u00e9e \u00e0 d&rsquo;autres \u00e0 Salzbourg, Hallein et ailleurs. Leur but \u00e9tait de r\u00e9sister au Nouvel Ordre Mondial et de lutter contre lui.<\/p>\n\n\n\n<p>Par cons\u00e9quent, cet endroit a \u00e9t\u00e9 d\u00e9truit par les forces obscures en 1996 et les Templiers positifs ont \u00e9t\u00e9 contraints au silence. Ils sont toujours l\u00e0, mais ils ne parlent \u00e0 personne de leurs activit\u00e9s. Berchtesgaden, Salzbourg et toute la r\u00e9gion environnante \u00e9taient tous des lieux d&rsquo;activit\u00e9 des Templiers.<\/p>\n\n\n\n<p>L&rsquo;objectif de cet atelier est de soutenir les activit\u00e9s des Templiers et de soutenir \u00e9nergiquement cet endroit. Cet emplacement poss\u00e8de un immense potentiel de premier contact et de processus d&rsquo;Ascension.<\/p>\n\n\n\n<p>Hitler \u00e9tait aussi celui qui reconnaissait le potentiel de cet endroit. C&rsquo;est pour \u00e7a qu&rsquo;il a construit sa villa Kehlsteinhaus ou \u00ab Nid d\u2019Aigle \u00bb ici.<\/p>\n\n\n\n<p>Cependant, les forces de la Lumi\u00e8re activent maintenant cet endroit. Il peut s&rsquo;activer en tant que g\u00e9n\u00e9rateur d&rsquo;\u00e9nergie envoyant de la Lumi\u00e8re \u00e0 travers la plan\u00e8te. Il s&rsquo;activera comme un portail de r\u00e9alit\u00e9. Gr\u00e2ce \u00e0 ce portail, les gens vont passer \u00e0 une toute nouvelle chronologie pour la plan\u00e8te.<\/p>\n\n\n\n<p>Le r\u00e9seau Agartha ancre tr\u00e8s fortement le Rayon d&rsquo;\u00c9meraude, et le Commandement Ashtar ancre \u00e9galement tr\u00e8s fortement le Rayon ATVOR.<\/p>\n\n\n\n<p>Il y a beaucoup de lacs souterrains ici, mais les habitants de surface ne le savent pas. Ces lacs souterrains \u00e9manent de l\u2019\u00e9nergie des rayons Emeraude pour la gu\u00e9rison de toute l\u2019humanit\u00e9 qui s\u2019y trouve.<\/p>\n\n\n\n<p>C&rsquo;est une br\u00e8ve description de cet endroit.<\/p>\n\n\n\n<h2 class=\"wp-block-heading\">D\u00e9esse Isais \u2013 Partie 2<\/h2>\n\n\n\n<p>Elle est fortement ancr\u00e9e dans cette r\u00e9gion. Sa pr\u00e9sence affecte aussi les Templiers de ce lieu, car les Templiers sont les protecteurs de la D\u00e9esse.<\/p>\n\n\n\n<p>Cet endroit contient de nombreux vortex de la D\u00e9esse. Cependant, il n\u2019est pas envisageable de r\u00e9v\u00e9ler leur emplacement exact par s\u00e9curit\u00e9.<\/p>\n\n\n\n<p>On se limitera \u00e0 indiquer que la D\u00e9esse Isais a fortement ancr\u00e9 son \u00e9nergie dans cet endroit.<\/p>\n\n\n\n<p>Elle sert de portail, reliant le domaine physique au domaine de l&rsquo;\u00e9nergie et aux dimensions sup\u00e9rieures.<\/p>\n\n\n\n<p>\u00c0 partir de ce portail, plusieurs mots cod\u00e9s sont envoy\u00e9s sur Terre. Il s&rsquo;agit du rayon d&rsquo;\u00c9meraude et de Valhalla.<\/p>\n\n\n\n<h2 class=\"wp-block-heading\">Isais poss\u00e8de trois tr\u00e9sors : un miroir, une pierre et un poignard<\/h2>\n\n\n\n<p>La \u00ab pierre \u00bb fait r\u00e9f\u00e9rence \u00e0 la pierre de Cintamani. Le \u00ab miroir \u00bb est utilis\u00e9 comme objet magique, utilis\u00e9 pour cr\u00e9er une passerelle entre les dimensions sup\u00e9rieures et ce monde.<\/p>\n\n\n\n<p>Le \u00abpoignard\u00bb fait r\u00e9f\u00e9rence \u00e0 la technologie utilis\u00e9e pour activer Mj\u00f6lnir <em>(technologie de la F\u00e9d\u00e9ration Galactique dont l\u2019objectif est de faire respecter le Codex Galactique).<\/em><\/p>\n\n\n\n<p>La D\u00e9esse Isais appartient au m\u00eame groupe d&rsquo;\u00e2mes que les autres D\u00e9esses \u00e0 travers le monde. C&rsquo;est la famille Sheran.<\/p>\n\n\n\n<p>La famille Sheran est profond\u00e9ment li\u00e9e \u00e0 la nation du Japon. Cobra \u00e9voque des choses cach\u00e9es jusqu&rsquo;\u00e0 pr\u00e9sent. La D\u00e9esse Isais a un lien \u00e9troit avec la D\u00e9esse japonaise Amaterasu. Amaterasu poss\u00e8de \u00e9galement les m\u00eames tr\u00e9sors.<\/p>\n\n\n\n<p>La \u00ab Pierre \u00bb : Yasakani no Magatama<\/p>\n\n\n\n<p>Le \u00ab miroir \u00bb : Yata no Kagami<\/p>\n\n\n\n<p>L\u2019\u00e9p\u00e9e : Ame no Murakumo no Tsurugi<\/p>\n\n\n\n<p>Ces tr\u00e9sors seraient actuellement entrepos\u00e9s dans le palais imp\u00e9rial de Tokyo. Ces tr\u00e9sors sont aussi li\u00e9s \u00e9nergiquement \u00e0 la D\u00e9esse Isais.<\/p>\n\n\n\n<p>Le miroir d&rsquo;Isais est actuellement dans un endroit sp\u00e9cial, confidentiel, mais ce miroir sera activ\u00e9 la semaine prochaine. Ce miroir se connecte aux dimensions sup\u00e9rieures.<\/p>\n\n\n\n<p>Ce miroir symbolise l&rsquo;\u00e9toile \u00e0 huit branches. Il constitue aussi l\u2019armoirie de la famille Sheran. Se connecter \u00e0 l&rsquo;\u00e9toile \u00e0 huit branches vous permet de vous connecter avec le commandement Ashtar de la famille Sheran et \u00e0 la D\u00e9esse.<\/p>\n\n\n\n<p>Isais est tr\u00e8s active dans cette r\u00e9gion, et \u00e0 travers le Rayon d&rsquo;\u00c9meraude, elle vous aidera \u00e0 vous connecter aux dimensions sup\u00e9rieures. Si vous pouvez rester ici pendant quelques jours, il serait bon de visiter des sites sacr\u00e9s ou d&rsquo;aller dans des grottes pour vous connecter avec la D\u00e9esse Isais. Vous aurez s\u00fbrement une exp\u00e9rience int\u00e9ressante.<\/p>\n\n\n\n<h2 class=\"wp-block-heading\">M\u00e9ditation pour aider les templiers non physiques<\/h2>\n\n\n\n<p>Suit maintenant une courte m\u00e9ditation pour se connecter avec les Templiers non physiques. Il y a des Templiers physiques et des Templiers non physiques. Le royaume \u00e9th\u00e9rique contient une soci\u00e9t\u00e9 compl\u00e8te des Templiers. Beaucoup de ceux qui se sont incarn\u00e9s dans le domaine physique appartiennent \u00e9nerg\u00e9tiquement \u00e0 cette organisation. Une partie de ce groupe de templiers consiste \u00e0 surveiller l&rsquo;activit\u00e9 des chapeaux blancs actifs et des chapeaux gris. S&rsquo;ils se connectent avec les Templiers, les Templiers les pousseront fortement \u00e0 marcher sur le bon chemin.<\/p>\n\n\n\n<p>Les Templiers non physiques surveillent actuellement le processus de lib\u00e9ration de la plan\u00e8te. En ce moment, ils se rassemblent ici, nous regardent du royaume \u00e9th\u00e9rique, nous rassemblent.<\/p>\n\n\n\n<p>Puis suit la m\u00e9ditation d\u2019activation. Ce sera la partie principale de cet atelier.<\/p>\n\n\n\n<h2 class=\"wp-block-heading\">Processus de manifestation<\/h2>\n\n\n\n<p>La manifestation est quelque chose que nous avons tendance \u00e0 oublier dans la vie quotidienne, mais c&rsquo;est extr\u00eamement important.<\/p>\n\n\n\n<p>\u00c0 l&rsquo;heure actuelle, les forces de la Lumi\u00e8re sont d\u00e9di\u00e9es \u00e0 la gu\u00e9rison des gens \u00e0 la surface de la plan\u00e8te. Une partie de ce processus est la manifestation.<\/p>\n\n\n\n<p>La manifestation comporte trois \u00e9tapes. La premi\u00e8re \u00e9tape est la plus importante. C&rsquo;est une d\u00e9cision.<\/p>\n\n\n\n<p>La d\u00e9cision signifie d\u00e9terminer ce que vous voulez manifester. Cela signifie d\u00e9cider dans quoi investir. Nous avons tous des circonstances de vie, des environnements et des buts diff\u00e9rents. Par cons\u00e9quent, nos d\u00e9cisions diff\u00e8rent. Ce que nous voulons manifester sera \u00e9galement diff\u00e9rent. Donc, vous devez faire ce que vous d\u00e9sirez personnellement le plus pr\u00e9cis\u00e9ment possible. Notre partie de gu\u00e9rison est de renforcer cette sp\u00e9cificit\u00e9. Lorsque vous gu\u00e9rissez int\u00e9rieurement, vous pouvez manifester cette sp\u00e9cificit\u00e9 \u00e0 l\u2019ext\u00e9rieur.<\/p>\n\n\n\n<p>Une fois que vous avez clairement indiqu\u00e9 ce que vous voulez, il est temps d&rsquo;utiliser votre libre arbitre. Quand vous avez d\u00e9cid\u00e9 quand, o\u00f9 et ce que vous voulez, vous le d\u00e9cidez avec votre libre arbitre. Ceci est exerc\u00e9 comme la puissance de la Pr\u00e9sence JE SUIS. En d\u2019autres termes, c\u2019est le processus le plus crucial dans la manifestation, et c\u2019est aussi le processus le plus crucial dans le voyage d\u2019Ascension.<\/p>\n\n\n\n<p>La prochaine \u00e9tape de la loi de la manifestation est l\u2019invocation.<\/p>\n\n\n\n<p>La premi\u00e8re \u00e9tape de la d\u00e9cision \u00e9tait un processus mental. La prochaine \u00e9tape de l\u2019invocation est l\u2019\u00e9motion. Vous insufflez l&rsquo;\u00e9nergie de l&rsquo;\u00e9motion dans le processus de manifestation. Vous le fabriquez en le souhaitant et en l&rsquo;aspirant. De plus, vous l\u2019imaginez, le sentez, entendez ses sons et le visualisez aussi concr\u00e8tement et de mani\u00e8re r\u00e9aliste que possible.<\/p>\n\n\n\n<p>La troisi\u00e8me \u00e9tape de la manifestation est l\u2019action physique.<\/p>\n\n\n\n<p>La manifestation est impossible sans action physique. Parce que si vous n&rsquo;agissez pas sur le plan physique, l&rsquo;\u00e9nergie ne s&rsquo;y ancrera pas. Il ne s\u2019agit donc pas seulement de m\u00e9ditation, vous devez d\u00e9montrer cette \u00e9nergie par l\u2019action physique.<\/p>\n\n\n\n<p>Et surtout, vous ne devez pas abandonner en cours de route. C&rsquo;est une erreur commune. La manifestation prend du temps. Plus la d\u00e9cision est grande, plus il faut de temps pour se manifester.<\/p>\n\n\n\n<p>Trouver un nouvel emploi peut prendre des mois. Acheter une nouvelle maison peut prendre des ann\u00e9es. Tout le monde sait combien de temps prend l&rsquo;\u00e9v\u00e9nement.<\/p>\n\n\n\n<p>Alors n&rsquo;abandonnez pas \u00e0 moiti\u00e9. Les gens font souvent cette erreur, mais abandonner \u00e0 mi-chemin signifie que toute l\u2019\u00e9nergie investie jusqu\u2019\u00e0 ce point dispara\u00eet. Et vous n&rsquo;obtenez aucun r\u00e9sultat.<\/p>\n\n\n\n<p>Cependant, une fois que l\u2019\u00e9nergie atteint la masse critique, une perc\u00e9e se produit et quelque chose se produit physiquement.<\/p>\n\n\n\n<p>Par exemple, si vous manifestez une maison, ne mettre d&rsquo;effort enthousiaste qu&rsquo;au d\u00e9but et abandonner apr\u00e8s un an signifie que toute cette \u00e9nergie dispara\u00eet, gaspill\u00e9e. M\u00eame si vous \u00e9tiez si pr\u00e8s de le manifester. Si vous continuez, cela se manifestera.<\/p>\n\n\n\n<p>Si vous pouvez visualiser concr\u00e8tement ce que vous d\u00e9sirez en vous-m\u00eame, vous l&rsquo;obtiendrez beaucoup plus t\u00f4t. Lorsque la manifestation se produira, vous serez s\u00fbrement \u00e9tonn\u00e9. Parce que cette chose que vous souhaitiez autrefois arriver si intens\u00e9ment arrive exactement comme vous l&rsquo;avez envisag\u00e9.<\/p>\n\n\n\n<p>Par cons\u00e9quent, nous poss\u00e9dons le libre arbitre de changer cette plan\u00e8te. Pourtant, le libre arbitre entrave aussi la lib\u00e9ration. En fin de compte, cela d\u00e9pend du vecteur collectif du libre arbitre de chacun.<\/p>\n\n\n\n<p>Pourtant, g\u00e9n\u00e9ralement, il a toujours \u00e9t\u00e9 un petit groupe qui a d\u00e9termin\u00e9 le cours du destin pour la plan\u00e8te enti\u00e8re. Derri\u00e8re la population de la Terre, deux groupes &#8211; comprenant chacun cent individus &#8211; se sont tenus de chaque c\u00f4t\u00e9, d\u00e9cidant du cours de l&rsquo;histoire. Les autres ont suivi leurs d\u00e9cisions.<\/p>\n\n\n\n<p>Par cons\u00e9quent, nous aussi, nous poss\u00e9dons l&rsquo;influence drastique pour d\u00e9terminer la situation de la plan\u00e8te. Il est temps de pratiquer et de renforcer la manifestation. Cela nous rendra plus forts et la Lumi\u00e8re plus brillante.<\/p>\n\n\n\n<p>Fin de l\u2019Atelier.<\/p>\n\n\n\n<p>R\u00e9sum\u00e9 vid\u00e9o :<\/p>\n\n\n\n<figure class=\"wp-block-embed is-type-video is-provider-youtube wp-block-embed-youtube wp-embed-aspect-16-9 wp-has-aspect-ratio\"><div class=\"wp-block-embed__wrapper\">\n<iframe loading=\"lazy\" title=\"Le Portail Berchtesgaden\" width=\"640\" height=\"360\" src=\"https:\/\/www.youtube.com\/embed\/tmAb15J1mFE?feature=oembed\" frameborder=\"0\" allow=\"accelerometer; autoplay; clipboard-write; encrypted-media; gyroscope; picture-in-picture; web-share\" referrerpolicy=\"strict-origin-when-cross-origin\" allowfullscreen><\/iframe>\n<\/div><\/figure>\n\n\n\n<p>La victoire de la Lumi\u00e8re !<\/p>\n","protected":false},"excerpt":{"rendered":"<p>28 octobre 2025 par Cobra Ouverture Apr\u00e8s un sondage en salle, apparait un r\u00e9sultat r\u00e9aliste&#8230;<\/p>\n","protected":false},"author":1,"featured_media":3220,"comment_status":"open","ping_status":"open","sticky":false,"template":"","format":"standard","meta":{"give_campaign_id":0,"cybocfi_hide_featured_image":"yes","_jetpack_memberships_contains_paid_content":false,"footnotes":""},"categories":[33,9],"tags":[],"class_list":["post-2977","post","type-post","status-publish","format-standard","has-post-thumbnail","hentry","category-complement","category-media"],"jetpack_featured_media_url":"https:\/\/i0.wp.com\/leportaildelumiere.com\/wp-content\/uploads\/2025\/11\/d40ccb81e5bb94b6ec61142d2b1363cf-1.jpg?fit=640%2C426&ssl=1","featured_image_urls":{"full":["https:\/\/i0.wp.com\/leportaildelumiere.com\/wp-content\/uploads\/2025\/11\/d40ccb81e5bb94b6ec61142d2b1363cf-1.jpg?fit=640%2C426&ssl=1",640,426,false],"thumbnail":["https:\/\/i0.wp.com\/leportaildelumiere.com\/wp-content\/uploads\/2025\/11\/d40ccb81e5bb94b6ec61142d2b1363cf-1.jpg?resize=150%2C150&ssl=1",150,150,true],"medium":["https:\/\/i0.wp.com\/leportaildelumiere.com\/wp-content\/uploads\/2025\/11\/d40ccb81e5bb94b6ec61142d2b1363cf-1.jpg?fit=300%2C200&ssl=1",300,200,true],"medium_large":["https:\/\/i0.wp.com\/leportaildelumiere.com\/wp-content\/uploads\/2025\/11\/d40ccb81e5bb94b6ec61142d2b1363cf-1.jpg?fit=640%2C426&ssl=1",640,426,true],"large":["https:\/\/i0.wp.com\/leportaildelumiere.com\/wp-content\/uploads\/2025\/11\/d40ccb81e5bb94b6ec61142d2b1363cf-1.jpg?fit=640%2C426&ssl=1",640,426,true],"1536x1536":["https:\/\/i0.wp.com\/leportaildelumiere.com\/wp-content\/uploads\/2025\/11\/d40ccb81e5bb94b6ec61142d2b1363cf-1.jpg?fit=640%2C426&ssl=1",640,426,true],"2048x2048":["https:\/\/i0.wp.com\/leportaildelumiere.com\/wp-content\/uploads\/2025\/11\/d40ccb81e5bb94b6ec61142d2b1363cf-1.jpg?fit=640%2C426&ssl=1",640,426,true],"covernews-featured":["https:\/\/i0.wp.com\/leportaildelumiere.com\/wp-content\/uploads\/2025\/11\/d40ccb81e5bb94b6ec61142d2b1363cf-1.jpg?fit=640%2C426&ssl=1",640,426,true],"covernews-medium":["https:\/\/i0.wp.com\/leportaildelumiere.com\/wp-content\/uploads\/2025\/11\/d40ccb81e5bb94b6ec61142d2b1363cf-1.jpg?resize=540%2C340&ssl=1",540,340,true],"woocommerce_thumbnail":["https:\/\/i0.wp.com\/leportaildelumiere.com\/wp-content\/uploads\/2025\/11\/d40ccb81e5bb94b6ec61142d2b1363cf-1.jpg?resize=300%2C300&ssl=1",300,300,true],"woocommerce_single":["https:\/\/i0.wp.com\/leportaildelumiere.com\/wp-content\/uploads\/2025\/11\/d40ccb81e5bb94b6ec61142d2b1363cf-1.jpg?fit=600%2C399&ssl=1",600,399,true],"woocommerce_gallery_thumbnail":["https:\/\/i0.wp.com\/leportaildelumiere.com\/wp-content\/uploads\/2025\/11\/d40ccb81e5bb94b6ec61142d2b1363cf-1.jpg?resize=100%2C100&ssl=1",100,100,true]},"author_info":{"display_name":"Pierre","author_link":"https:\/\/leportaildelumiere.com\/index.php\/author\/pierre-ortiz\/"},"category_info":"<a href=\"https:\/\/leportaildelumiere.com\/index.php\/category\/complement\/\" rel=\"category tag\">Compl\u00e9ment<\/a> <a href=\"https:\/\/leportaildelumiere.com\/index.php\/category\/media\/\" rel=\"category tag\">M\u00e9dia<\/a>","tag_info":"M\u00e9dia","comment_count":"1","jetpack_sharing_enabled":true,"_links":{"self":[{"href":"https:\/\/leportaildelumiere.com\/index.php\/wp-json\/wp\/v2\/posts\/2977","targetHints":{"allow":["GET"]}}],"collection":[{"href":"https:\/\/leportaildelumiere.com\/index.php\/wp-json\/wp\/v2\/posts"}],"about":[{"href":"https:\/\/leportaildelumiere.com\/index.php\/wp-json\/wp\/v2\/types\/post"}],"author":[{"embeddable":true,"href":"https:\/\/leportaildelumiere.com\/index.php\/wp-json\/wp\/v2\/users\/1"}],"replies":[{"embeddable":true,"href":"https:\/\/leportaildelumiere.com\/index.php\/wp-json\/wp\/v2\/comments?post=2977"}],"version-history":[{"count":0,"href":"https:\/\/leportaildelumiere.com\/index.php\/wp-json\/wp\/v2\/posts\/2977\/revisions"}],"wp:featuredmedia":[{"embeddable":true,"href":"https:\/\/leportaildelumiere.com\/index.php\/wp-json\/wp\/v2\/media\/3220"}],"wp:attachment":[{"href":"https:\/\/leportaildelumiere.com\/index.php\/wp-json\/wp\/v2\/media?parent=2977"}],"wp:term":[{"taxonomy":"category","embeddable":true,"href":"https:\/\/leportaildelumiere.com\/index.php\/wp-json\/wp\/v2\/categories?post=2977"},{"taxonomy":"post_tag","embeddable":true,"href":"https:\/\/leportaildelumiere.com\/index.php\/wp-json\/wp\/v2\/tags?post=2977"}],"curies":[{"name":"wp","href":"https:\/\/api.w.org\/{rel}","templated":true}]}}